{"id":244,"date":"2015-05-16T10:38:37","date_gmt":"2015-05-16T08:38:37","guid":{"rendered":"http:\/\/skldjugend.bplaced.net\/wordpress\/?p=244"},"modified":"2015-05-16T10:50:54","modified_gmt":"2015-05-16T08:50:54","slug":"ejptm15","status":"publish","type":"post","link":"http:\/\/skldjugend.bplaced.net\/wordpress\/ejptm15\/","title":{"rendered":"Einladung Jugendpfingstturnier Mannschaft 2015"},"content":{"rendered":"<h3>Einladung Jugendpfingstturnier Mannschaft 2015<\/h3>\n<p><!--more-->Hallo zusammen,<\/p>\n<p>ich m\u00f6chte euch alle nochmals recht herzlich zum Pfingstturnier in Herxheim einladen.<br \/>\nWir treffen uns dieses Jahr direkt in Herxheim, da wir ja Heimrecht haben.<br \/>\nIch hoffe ihr seid alle gut motiviert, die Schie\u00dfergebnisse waren ja bei den Vorbereitungsk\u00e4mpfen ganz gut, so dass wir unseren 3. Platz auf jeden Fall verteidigen k\u00f6nnen.<br \/>\nSolltet ihr noch Fragen haben, bitte bei uns melden.<\/p>\n<p>Bis zum Pfingstwochende<\/p>\n<p>viele Gr\u00fc\u00dfe<br \/>\n<strong><span style=\"color: #000000;\"><a style=\"color: #000000;\" href=\"http:\/\/skldjugend.bplaced.net\/wordpress\/kontakt-kreisjugendleiter\/\">Dieter<\/a><\/span>\u00a0 und <span style=\"color: #000000;\"><a style=\"color: #000000;\" href=\"http:\/\/skldjugend.bplaced.net\/wordpress\/kontakt-stellv-kreisjugendleiter\/\">Thomas<\/a><\/span><\/strong><\/p>\n<p>Homepage: <span style=\"color: #000000;\"><a style=\"color: #000000;\" href=\"http:\/\/skldjugend.bplaced.net\/\">http:\/\/skldjugend.de.vu\/<\/a><\/span><\/p>\n<p>Homepage: <span style=\"color: #000000;\"><a style=\"color: #000000;\" href=\"http:\/\/jpt.bplaced.net\/\">http:\/\/jugendpfingstturnier.de.vu\/<\/a><\/span><\/p>\n<p><a href=\"http:\/\/skldjugend.bplaced.net\/wordpress\/wp-content\/uploads\/2015\/05\/EinladungJPT1512.jpg\" target=\"_blank\"><img loading=\"lazy\" decoding=\"async\" class=\"alignnone wp-image-241 size-large\" src=\"http:\/\/skldjugend.bplaced.net\/wordpress\/wp-content\/uploads\/2015\/05\/EinladungJPT1512-724x1024.jpg\" alt=\"Einladung JPT 15\" width=\"700\" height=\"990\" srcset=\"http:\/\/skldjugend.bplaced.net\/wordpress\/wp-content\/uploads\/2015\/05\/EinladungJPT1512-724x1024.jpg 724w, http:\/\/skldjugend.bplaced.net\/wordpress\/wp-content\/uploads\/2015\/05\/EinladungJPT1512-212x300.jpg 212w, http:\/\/skldjugend.bplaced.net\/wordpress\/wp-content\/uploads\/2015\/05\/EinladungJPT1512.jpg 1240w\" sizes=\"auto, (max-width: 700px) 100vw, 700px\" \/><\/a><\/p>\n","protected":false},"excerpt":{"rendered":"<p>Einladung Jugendpfingstturnier Mannschaft 2015<\/p>\n","protected":false},"author":4,"featured_media":0,"comment_status":"open","ping_status":"open","sticky":false,"template":"","format":"standard","meta":{"footnotes":""},"categories":[7],"tags":[10,9,12,8,11,14,13],"class_list":["post-244","post","type-post","status-publish","format-standard","hentry","category-jpt15","tag-10","tag-einladung","tag-herxheim","tag-jpt","tag-jugendpfingstturnier","tag-landau","tag-mannschaft"],"_links":{"self":[{"href":"http:\/\/skldjugend.bplaced.net\/wordpress\/wp-json\/wp\/v2\/posts\/244","targetHints":{"allow":["GET"]}}],"collection":[{"href":"http:\/\/skldjugend.bplaced.net\/wordpress\/wp-json\/wp\/v2\/posts"}],"about":[{"href":"http:\/\/skldjugend.bplaced.net\/wordpress\/wp-json\/wp\/v2\/types\/post"}],"author":[{"embeddable":true,"href":"http:\/\/skldjugend.bplaced.net\/wordpress\/wp-json\/wp\/v2\/users\/4"}],"replies":[{"embeddable":true,"href":"http:\/\/skldjugend.bplaced.net\/wordpress\/wp-json\/wp\/v2\/comments?post=244"}],"version-history":[{"count":5,"href":"http:\/\/skldjugend.bplaced.net\/wordpress\/wp-json\/wp\/v2\/posts\/244\/revisions"}],"predecessor-version":[{"id":247,"href":"http:\/\/skldjugend.bplaced.net\/wordpress\/wp-json\/wp\/v2\/posts\/244\/revisions\/247"}],"wp:attachment":[{"href":"http:\/\/skldjugend.bplaced.net\/wordpress\/wp-json\/wp\/v2\/media?parent=244"}],"wp:term":[{"taxonomy":"category","embeddable":true,"href":"http:\/\/skldjugend.bplaced.net\/wordpress\/wp-json\/wp\/v2\/categories?post=244"},{"taxonomy":"post_tag","embeddable":true,"href":"http:\/\/skldjugend.bplaced.net\/wordpress\/wp-json\/wp\/v2\/tags?post=244"}],"curies":[{"name":"wp","href":"https:\/\/api.w.org\/{rel}","templated":true}]}}